{"id":957,"date":"2020-09-30T08:51:13","date_gmt":"2020-09-30T07:51:13","guid":{"rendered":"https:\/\/fwfe.de\/wordpress\/?p=957"},"modified":"2020-09-30T08:51:13","modified_gmt":"2020-09-30T07:51:13","slug":"fff-im-ettlinger-stadtwald","status":"publish","type":"post","link":"https:\/\/fwfe.de\/wordpress\/fff-im-ettlinger-stadtwald\/","title":{"rendered":"FFF im Ettlinger Stadtwald"},"content":{"rendered":"<p>Fast parrallel zur <strong>Fridays For Future <\/strong>Demonstration in Karlsruhe am vergangenen Freitag, fand die Waldbegehung des Gemeinderats statt. Mit welcher Geschwindigkeit sich die Lebensbedingungen im \u00d6kosystem Wald \u00e4ndern und welche Folgen dies hat, konnte durch die Ausf\u00fchrungen von Forstamtsleiter Lauinger und seinen Mitarbeitern eindr\u00fccklich aufgezeigt werden.<br \/>\nAn einem riesigen Lager f\u00fcr Fichtenschadholz wurde der Befall durch den Borkenk\u00e4fer verdeutlicht. Mit 170 ha Fl\u00e4che ist der Fichtenbesatz im Ettlingert Stadtwald, bei einer Gesamtwaldfl\u00e4che von 2.600 ha relativ klein, jedoch ist zu bef\u00fcchten, dass der Fichtenbestand innerhalb der n\u00e4chsten Jahre zu 100% abg\u00e4ngig sein kann.<br \/>\nAuf Grund des \u00dcberangebots an K\u00e4ferholz muss der Festmeter zur Zeit 10 \u20ac unter den Gestehungskosten verkauft werden. Besonders gef\u00e4hrdet sind die Best\u00e4nde im Hardtwald. Selbst relativ trockenresistente Arten haben extreme Probleme. Auch die bei uns vorherrschend Baumart, die Buche, hat mit der Trockenheit der drei vergangenen Jahre zu k\u00e4mpfen. Seit 2018 hat man Waldrefugien mit insgesamt 36 ha Fl\u00e4che eingerichtet, um zu sehen, wie die Natur ohne menschliches zutun auf die Klima\u00e4nderung reagiert. Durch Aufforstung mit z.B. Wal &#8211; und Schwarznuss bzw. Waldkirsche wird versucht den Wald als Wirtschaft &#8211; und Lebensraum zu erhalten.<\/p>\n<p>Gerhard Ecker, Gemeinderat<\/p>\n","protected":false},"excerpt":{"rendered":"<p>Fast parrallel zur Fridays For Future Demonstration in Karlsruhe am vergangenen Freitag, fand die Waldbegehung des Gemeinderats statt. Mit welcher Geschwindigkeit sich die Lebensbedingungen im \u00d6kosystem Wald \u00e4ndern und welche Folgen dies hat, konnte durch die Ausf\u00fchrungen von Forstamtsleiter Lauinger und seinen Mitarbeitern eindr\u00fccklich aufgezeigt werden. An einem riesigen Lager f\u00fcr Fichtenschadholz wurde der Befall [&hellip;]<\/p>\n","protected":false},"author":1,"featured_media":666,"comment_status":"closed","ping_status":"closed","sticky":false,"template":"","format":"standard","meta":{"_crdt_document":"","footnotes":""},"categories":[24],"tags":[],"class_list":["post-957","post","type-post","status-publish","format-standard","has-post-thumbnail","hentry","category-aktuelle-beitraege","has-thumbnail"],"_links":{"self":[{"href":"https:\/\/fwfe.de\/wordpress\/wp-json\/wp\/v2\/posts\/957","targetHints":{"allow":["GET"]}}],"collection":[{"href":"https:\/\/fwfe.de\/wordpress\/wp-json\/wp\/v2\/posts"}],"about":[{"href":"https:\/\/fwfe.de\/wordpress\/wp-json\/wp\/v2\/types\/post"}],"author":[{"embeddable":true,"href":"https:\/\/fwfe.de\/wordpress\/wp-json\/wp\/v2\/users\/1"}],"replies":[{"embeddable":true,"href":"https:\/\/fwfe.de\/wordpress\/wp-json\/wp\/v2\/comments?post=957"}],"version-history":[{"count":1,"href":"https:\/\/fwfe.de\/wordpress\/wp-json\/wp\/v2\/posts\/957\/revisions"}],"predecessor-version":[{"id":958,"href":"https:\/\/fwfe.de\/wordpress\/wp-json\/wp\/v2\/posts\/957\/revisions\/958"}],"wp:featuredmedia":[{"embeddable":true,"href":"https:\/\/fwfe.de\/wordpress\/wp-json\/wp\/v2\/media\/666"}],"wp:attachment":[{"href":"https:\/\/fwfe.de\/wordpress\/wp-json\/wp\/v2\/media?parent=957"}],"wp:term":[{"taxonomy":"category","embeddable":true,"href":"https:\/\/fwfe.de\/wordpress\/wp-json\/wp\/v2\/categories?post=957"},{"taxonomy":"post_tag","embeddable":true,"href":"https:\/\/fwfe.de\/wordpress\/wp-json\/wp\/v2\/tags?post=957"}],"curies":[{"name":"wp","href":"https:\/\/api.w.org\/{rel}","templated":true}]}}