{"id":934,"date":"2020-07-23T10:57:44","date_gmt":"2020-07-23T09:57:44","guid":{"rendered":"https:\/\/fwfe.de\/wordpress\/?p=934"},"modified":"2020-07-20T11:00:04","modified_gmt":"2020-07-20T10:00:04","slug":"bildung-und-betreuung-unserer-vorschulkinder","status":"publish","type":"post","link":"https:\/\/fwfe.de\/wordpress\/bildung-und-betreuung-unserer-vorschulkinder\/","title":{"rendered":"Bildung und Betreuung unserer Vorschulkinder"},"content":{"rendered":"<p><span style=\"font-family: Arial, serif;\">Wie jedes Jahr im Juli steht am Mittwoch die Fortschreibung der Bedarfsplanung f\u00fcr die Betreuung der Vorschulkinder auf der Tagesordnung des Gemeinderates. Durch den kontinuierlichen und <\/span><span style=\"font-family: Arial, serif;\"><u><b>bedarfsgerechten<\/b><\/u><\/span><span style=\"font-family: Arial, serif;\"> Ausbau in den vergangenen 15 Jahren stehen wir heute gut da. F\u00fcr die unter 3-j\u00e4hrigen gibt es ausreichend Pl\u00e4tze in den Krippen und bei der Tagespflege; unsere Quote von rund 45% ist super! Ein kleines Defizit im Bereich der \u00dc-3-Pl\u00e4tze k\u00f6nnen wir durch die Inbetriebnahme des Naturkindergartens ab September und einer 4. Gruppe im Kindergarten Regenborgen II (derzeit im Horbachpark) ausgleichen. Die gr\u00f6\u00dfte Herausforderung dabei ist, <\/span><span style=\"font-family: Arial, serif;\"><u><b>p\u00e4dagogisches Fachpersonal zu finden<\/b><\/u><\/span><span style=\"font-family: Arial, serif;\">.<\/span><\/p>\n<p><span style=\"font-family: Arial, serif;\">Die Stadt Ettlingen wird den Kindergartentr\u00e4gern das Corona-bedingte Defizit (Schlie\u00dfungen von April bis Juni) trotz Haushaltssperre ausgleichen. Ebenso werden die <\/span><span style=\"font-family: Arial, serif;\"><u><b>Elternbeitr\u00e4ge<\/b><\/u><\/span> <span style=\"font-family: Arial, serif;\"><u><b>erlassen<\/b><\/u><\/span><span style=\"font-family: Arial, serif;\">. Kinderbetreuung ist eine kommunale Pflichtaufgabe. Und wieder einmal waren es vor allem die M\u00fctter, die den Corona-bedingten Spagat zwischen Homeoffice und Kinderbetreuung leisten mussten. <\/span><\/p>\n<p><span style=\"font-family: Arial, serif;\">Liebe Ettlinger, dass wir bislang so glimpflich durch die Pandemie gekommen sind, beruht auf drei Ursachen: <\/span><\/p>\n<ol>\n<li><span style=\"font-family: Arial, serif;\">unser leistungsf\u00e4higes Gesundheitssystem <\/span><\/li>\n<li><span style=\"font-family: Arial, serif;\">kluge Politik <\/span><\/li>\n<li><span style=\"font-family: Arial, serif;\">kollektive Disziplin und Solidarit\u00e4t unserer Gesellschaft<\/span><\/li>\n<\/ol>\n<p><span style=\"font-family: Arial, serif;\">Verspielen wir diesen Vorsprung vor Anderen nicht! Ich w\u00fcnsche Ihnen sch\u00f6ne Sommerferien.<\/span><\/p>\n<p><span style=\"font-family: Arial, serif;\">Ihre Dr. Birgit Eyselen, Stadtr\u00e4tin<\/span><\/p>\n","protected":false},"excerpt":{"rendered":"<p>Wie jedes Jahr im Juli steht am Mittwoch die Fortschreibung der Bedarfsplanung f\u00fcr die Betreuung der Vorschulkinder auf der Tagesordnung des Gemeinderates. Durch den kontinuierlichen und bedarfsgerechten Ausbau in den vergangenen 15 Jahren stehen wir heute gut da. F\u00fcr die unter 3-j\u00e4hrigen gibt es ausreichend Pl\u00e4tze in den Krippen und bei der Tagespflege; unsere Quote [&hellip;]<\/p>\n","protected":false},"author":1,"featured_media":51,"comment_status":"closed","ping_status":"closed","sticky":false,"template":"","format":"standard","meta":{"footnotes":""},"categories":[24],"tags":[],"class_list":["post-934","post","type-post","status-publish","format-standard","has-post-thumbnail","hentry","category-aktuelle-beitraege","has-thumbnail"],"_links":{"self":[{"href":"https:\/\/fwfe.de\/wordpress\/wp-json\/wp\/v2\/posts\/934","targetHints":{"allow":["GET"]}}],"collection":[{"href":"https:\/\/fwfe.de\/wordpress\/wp-json\/wp\/v2\/posts"}],"about":[{"href":"https:\/\/fwfe.de\/wordpress\/wp-json\/wp\/v2\/types\/post"}],"author":[{"embeddable":true,"href":"https:\/\/fwfe.de\/wordpress\/wp-json\/wp\/v2\/users\/1"}],"replies":[{"embeddable":true,"href":"https:\/\/fwfe.de\/wordpress\/wp-json\/wp\/v2\/comments?post=934"}],"version-history":[{"count":2,"href":"https:\/\/fwfe.de\/wordpress\/wp-json\/wp\/v2\/posts\/934\/revisions"}],"predecessor-version":[{"id":936,"href":"https:\/\/fwfe.de\/wordpress\/wp-json\/wp\/v2\/posts\/934\/revisions\/936"}],"wp:featuredmedia":[{"embeddable":true,"href":"https:\/\/fwfe.de\/wordpress\/wp-json\/wp\/v2\/media\/51"}],"wp:attachment":[{"href":"https:\/\/fwfe.de\/wordpress\/wp-json\/wp\/v2\/media?parent=934"}],"wp:term":[{"taxonomy":"category","embeddable":true,"href":"https:\/\/fwfe.de\/wordpress\/wp-json\/wp\/v2\/categories?post=934"},{"taxonomy":"post_tag","embeddable":true,"href":"https:\/\/fwfe.de\/wordpress\/wp-json\/wp\/v2\/tags?post=934"}],"curies":[{"name":"wp","href":"https:\/\/api.w.org\/{rel}","templated":true}]}}