{"id":357,"date":"2018-04-10T14:35:05","date_gmt":"2018-04-10T13:35:05","guid":{"rendered":"https:\/\/fwfe.de\/wordpress\/?p=357"},"modified":"2019-01-19T14:37:43","modified_gmt":"2019-01-19T13:37:43","slug":"wir-selbst-sind-unser-groesster-feind","status":"publish","type":"post","link":"https:\/\/fwfe.de\/wordpress\/wir-selbst-sind-unser-groesster-feind\/","title":{"rendered":"Wir selbst sind unser gr\u00f6\u00dfter Feind"},"content":{"rendered":"<p>Vor 3 Wochen beschloss der Gemeinderat, gegen die Bauplanung von Windkraft am Kreuzelberg juristisch vorzugehen. Der politische Konflikt hei\u00dft: Artenschutz gegen Klimaschutz und Wirtschaft. Konflikte mit Artenschutz gibt es t\u00e4glich.<\/p>\n<p>Industrialisierte Landwirtschaft hat maschinengerechte Anbaufl\u00e4chen. Feldhecken werden entfernt und damit die R\u00fcckzugsgebiete\u00a0der Feldbewohner: Feldhase und Feldlerche sind fast ausgerottet. Derartige Landwirtschaft zerst\u00f6rt die Lebensr\u00e4ume. Da\u00df Monokulturen m\u00f6glichst ertragreich sind, wird gegen unerw\u00fcnschte Pflanzen und Tiere Chemie eingesetzt. Pflanzen die nicht der Landwirtschaft, sondern Tieren dienen werden als Unkr\u00e4uter weggespritzt. Durch die Vernichtung werden auch Bienen und andere Insekten entfernt; die Nahrung der V\u00f6gel, die dann mangels Futter auch verschwinden.<\/p>\n<p>Sind wir nicht froh, da\u00df durch die M\u00fcckenbek\u00e4mpfung am Altrhein die M\u00fcckenplage endet? Schwalben verschwinden mit den M\u00fccken; jede Schwalbe fri\u00dft pro Jahr 250.000 M\u00fccken \u2013 ohne M\u00fccken keine Schwalben. Durch \u00e4hnliches Verhalten gingen seit 1980 ca. 80% der einheimischen V\u00f6gel verloren. Das ist dramatisch.<\/p>\n<p>Als Fraktion wollen wir diese Entwicklung in Ettlingen stoppen. Zu lange haben wir alle nach dem Motto gelebt: Ich mache mir\u00a0die Welt, wie sie mir gef\u00e4llt. Der Club of Rome hat zu seinem 50. Jahrestag betont: Wir Menschen sind das Problem der Welt.<\/p>\n<p>Herbert Rebmann , FE &amp; FW &#8211; Fraktion<\/p>\n","protected":false},"excerpt":{"rendered":"<p>Vor 3 Wochen beschloss der Gemeinderat, gegen die Bauplanung von Windkraft am Kreuzelberg juristisch vorzugehen. Der politische Konflikt hei\u00dft: Artenschutz gegen Klimaschutz und Wirtschaft. Konflikte mit Artenschutz gibt es t\u00e4glich. Industrialisierte Landwirtschaft hat maschinengerechte Anbaufl\u00e4chen. Feldhecken werden entfernt und damit die R\u00fcckzugsgebiete\u00a0der Feldbewohner: Feldhase und Feldlerche sind fast ausgerottet. Derartige Landwirtschaft zerst\u00f6rt die Lebensr\u00e4ume. Da\u00df [&hellip;]<\/p>\n","protected":false},"author":2,"featured_media":359,"comment_status":"closed","ping_status":"closed","sticky":false,"template":"","format":"standard","meta":{"_crdt_document":"","footnotes":""},"categories":[5],"tags":[],"class_list":["post-357","post","type-post","status-publish","format-standard","has-post-thumbnail","hentry","category-umwelt","has-thumbnail"],"_links":{"self":[{"href":"https:\/\/fwfe.de\/wordpress\/wp-json\/wp\/v2\/posts\/357","targetHints":{"allow":["GET"]}}],"collection":[{"href":"https:\/\/fwfe.de\/wordpress\/wp-json\/wp\/v2\/posts"}],"about":[{"href":"https:\/\/fwfe.de\/wordpress\/wp-json\/wp\/v2\/types\/post"}],"author":[{"embeddable":true,"href":"https:\/\/fwfe.de\/wordpress\/wp-json\/wp\/v2\/users\/2"}],"replies":[{"embeddable":true,"href":"https:\/\/fwfe.de\/wordpress\/wp-json\/wp\/v2\/comments?post=357"}],"version-history":[{"count":1,"href":"https:\/\/fwfe.de\/wordpress\/wp-json\/wp\/v2\/posts\/357\/revisions"}],"predecessor-version":[{"id":358,"href":"https:\/\/fwfe.de\/wordpress\/wp-json\/wp\/v2\/posts\/357\/revisions\/358"}],"wp:featuredmedia":[{"embeddable":true,"href":"https:\/\/fwfe.de\/wordpress\/wp-json\/wp\/v2\/media\/359"}],"wp:attachment":[{"href":"https:\/\/fwfe.de\/wordpress\/wp-json\/wp\/v2\/media?parent=357"}],"wp:term":[{"taxonomy":"category","embeddable":true,"href":"https:\/\/fwfe.de\/wordpress\/wp-json\/wp\/v2\/categories?post=357"},{"taxonomy":"post_tag","embeddable":true,"href":"https:\/\/fwfe.de\/wordpress\/wp-json\/wp\/v2\/tags?post=357"}],"curies":[{"name":"wp","href":"https:\/\/api.w.org\/{rel}","templated":true}]}}