{"id":348,"date":"2018-05-08T14:25:09","date_gmt":"2018-05-08T13:25:09","guid":{"rendered":"https:\/\/fwfe.de\/wordpress\/?p=348"},"modified":"2019-01-19T14:26:54","modified_gmt":"2019-01-19T13:26:54","slug":"waldkonzept-ueberzeugt","status":"publish","type":"post","link":"https:\/\/fwfe.de\/wordpress\/waldkonzept-ueberzeugt\/","title":{"rendered":"Waldkonzept \u00fcberzeugt"},"content":{"rendered":"<p>Die j\u00fcngste Waldbegehung hat gezeigt, dass unser Ettlinger Wald sowohl in \u00f6kologischer als auch \u00f6konomischer Hinsicht sehr gut bewirtschaftet wird.<\/p>\n<p>Im Zeitraum 2008 bis 2017 wurde der Holzvorrat um 15% gesteigert, die Waldfl\u00e4che durch Korrekturen leicht vergr\u00f6\u00dfert, der Bestand an Jungholz um 32% erh\u00f6ht. Die Jungbestandspflege verursacht hohe Kosten, ist nach Lothar aber zur Aufforstung noch dringend notwendig. Damals ging viel Altbestand verloren. Die neue Planung bis 2027 sieht deshalb eine leichte Senkung des Holzeinschlages vor. Ein gewisser Anteil muss wegen Holzertrag und Alter der B\u00e4ume trotzdem geschlagen werden, um den Holzwert nicht zu verlieren.<\/p>\n<p>Im 10-Jahresplan soll der Wald die Funktionen Nutzen, Schutz und Erholung gleichwertig erf\u00fcllen. Wobei die Nutzfunktion zum Erhalt der stadtnahen Erholungs- und Schutzfunktion \u00fcberwiegt. Zugunsten des Naturschutzes wird bei 120 Totholzinseln auf die Nutzung verzichtet. Ein gutes Beispiel f\u00fcr naturnahe Waldwirtschaft, die auf aggressive Bewirtschaftung bewusst verzichtet. Dabei steht der wirtschaftliche, gesellschaftliche und \u00f6kologische Nutzen auf ein und derselben Waldfl\u00e4che im Vordergrund.<\/p>\n<p>Mit Blick auf die Verteilungsgerechtigkeit zwischen den Generationen ist dies eine h\u00f6chst verantwortungsvolle Aufgabe und anerkennenswerte Haltung der Verantwortlichen.<\/p>\n<p>Sibylle K\u00f6lper f\u00fcr die FE\/FW Fraktion<\/p>\n","protected":false},"excerpt":{"rendered":"<p>Die j\u00fcngste Waldbegehung hat gezeigt, dass unser Ettlinger Wald sowohl in \u00f6kologischer als auch \u00f6konomischer Hinsicht sehr gut bewirtschaftet wird. Im Zeitraum 2008 bis 2017 wurde der Holzvorrat um 15% gesteigert, die Waldfl\u00e4che durch Korrekturen leicht vergr\u00f6\u00dfert, der Bestand an Jungholz um 32% erh\u00f6ht. Die Jungbestandspflege verursacht hohe Kosten, ist nach Lothar aber zur Aufforstung [&hellip;]<\/p>\n","protected":false},"author":2,"featured_media":124,"comment_status":"closed","ping_status":"closed","sticky":false,"template":"","format":"standard","meta":{"_crdt_document":"","footnotes":""},"categories":[5],"tags":[],"class_list":["post-348","post","type-post","status-publish","format-standard","has-post-thumbnail","hentry","category-umwelt","has-thumbnail"],"_links":{"self":[{"href":"https:\/\/fwfe.de\/wordpress\/wp-json\/wp\/v2\/posts\/348","targetHints":{"allow":["GET"]}}],"collection":[{"href":"https:\/\/fwfe.de\/wordpress\/wp-json\/wp\/v2\/posts"}],"about":[{"href":"https:\/\/fwfe.de\/wordpress\/wp-json\/wp\/v2\/types\/post"}],"author":[{"embeddable":true,"href":"https:\/\/fwfe.de\/wordpress\/wp-json\/wp\/v2\/users\/2"}],"replies":[{"embeddable":true,"href":"https:\/\/fwfe.de\/wordpress\/wp-json\/wp\/v2\/comments?post=348"}],"version-history":[{"count":1,"href":"https:\/\/fwfe.de\/wordpress\/wp-json\/wp\/v2\/posts\/348\/revisions"}],"predecessor-version":[{"id":350,"href":"https:\/\/fwfe.de\/wordpress\/wp-json\/wp\/v2\/posts\/348\/revisions\/350"}],"wp:featuredmedia":[{"embeddable":true,"href":"https:\/\/fwfe.de\/wordpress\/wp-json\/wp\/v2\/media\/124"}],"wp:attachment":[{"href":"https:\/\/fwfe.de\/wordpress\/wp-json\/wp\/v2\/media?parent=348"}],"wp:term":[{"taxonomy":"category","embeddable":true,"href":"https:\/\/fwfe.de\/wordpress\/wp-json\/wp\/v2\/categories?post=348"},{"taxonomy":"post_tag","embeddable":true,"href":"https:\/\/fwfe.de\/wordpress\/wp-json\/wp\/v2\/tags?post=348"}],"curies":[{"name":"wp","href":"https:\/\/api.w.org\/{rel}","templated":true}]}}