{"id":2078,"date":"2026-08-26T15:40:11","date_gmt":"2026-08-26T14:40:11","guid":{"rendered":"https:\/\/fwfe.de\/wordpress\/?p=2078"},"modified":"2026-08-24T15:43:42","modified_gmt":"2026-08-24T14:43:42","slug":"gegenwind-fuer-lange-strasse-nord","status":"publish","type":"post","link":"https:\/\/fwfe.de\/wordpress\/gegenwind-fuer-lange-strasse-nord\/","title":{"rendered":"Gegenwind f\u00fcr \u201eLange Stra\u00dfe Nord\u201c"},"content":{"rendered":"\n<p class=\"wp-block-paragraph\"><br>In Schluttenbach geht der Widerstand gegen das geplante Neubaugebiet weiter. Die B\u00fcrgerinitiative, getragen von vielen Einwohnern, will gerichtlich die Nichtigkeit des Bebauungsplans feststellen lassen. Im Kern richtet sich der Protest nicht gegen das Baugebiet an sich, sondern gegen die aus Sicht der BI \u00fcberm\u00e4\u00dfige Ausweitung des Projekts und den Umgang der Stadtverwaltung damit. Aus den urspr\u00fcnglich vorgesehenen 1,2 ha mit rund 38 Wohneinheiten sind inzwischen n\u00e4mlich 1,75 ha mit etwa 50 bis 60 Einheiten geworden. F\u00fcr den kleinen Ort sei das viel zu gro\u00df und mit dem gewachsenen Ortsbild nicht vereinbar. Kritisiert werden u.a. die \u00fcberm\u00e4\u00dfige Verdichtung und unzureichend ber\u00fccksichtigte Belange von Anliegern, Naturschutz, Verkehr, Parkraum, L\u00e4rmschutz und Entw\u00e4sserung.<br><br>F\u00fcr Ver\u00e4rgerung sorgte auch das Empfinden, dass zahlreiche Einw\u00e4nde und Anregungen aus der B\u00fcrgerschaft ignoriert oder mit wenig Respekt abgetan wurden und die Vorstellung: Die Stadt h\u00e4lt lieber unbeirrt an ihrem technischen Vorzeigegebiet \u201eKalte Nahw\u00e4rme\u201c fest &#8211; f\u00fcr das folglich viele Anschl\u00fcsse ben\u00f6tigt und 300 \u20ac\/qm Erschlie\u00dfungskosten f\u00e4llig werden &#8211; anstatt die begr\u00fcndeten Sorgen aus der Bev\u00f6lkerung ernst zu nehmen. Die Klage soll deshalb auch ein deutliches Zeichen gegen diese Haltung setzen. F\u00fcr echte B\u00fcrgerbeteiligung und eine Ortsentwicklung, die Ma\u00df h\u00e4lt.<\/p>\n\n\n\n<p class=\"wp-block-paragraph\">J\u00fcrgen Maisch, Stadtrat<\/p>\n","protected":false},"excerpt":{"rendered":"<p>In Schluttenbach geht der Widerstand gegen das geplante Neubaugebiet weiter. Die B\u00fcrgerinitiative, getragen von vielen Einwohnern, will gerichtlich die Nichtigkeit des Bebauungsplans feststellen lassen. Im Kern richtet sich der Protest nicht gegen das Baugebiet an sich, sondern gegen die aus Sicht der BI \u00fcberm\u00e4\u00dfige Ausweitung des Projekts und den Umgang der Stadtverwaltung damit. Aus den [&hellip;]<\/p>\n","protected":false},"author":1,"featured_media":46,"comment_status":"closed","ping_status":"closed","sticky":false,"template":"","format":"standard","meta":{"footnotes":""},"categories":[24],"tags":[],"class_list":["post-2078","post","type-post","status-publish","format-standard","has-post-thumbnail","hentry","category-aktuelle-beitraege","has-thumbnail"],"_links":{"self":[{"href":"https:\/\/fwfe.de\/wordpress\/wp-json\/wp\/v2\/posts\/2078","targetHints":{"allow":["GET"]}}],"collection":[{"href":"https:\/\/fwfe.de\/wordpress\/wp-json\/wp\/v2\/posts"}],"about":[{"href":"https:\/\/fwfe.de\/wordpress\/wp-json\/wp\/v2\/types\/post"}],"author":[{"embeddable":true,"href":"https:\/\/fwfe.de\/wordpress\/wp-json\/wp\/v2\/users\/1"}],"replies":[{"embeddable":true,"href":"https:\/\/fwfe.de\/wordpress\/wp-json\/wp\/v2\/comments?post=2078"}],"version-history":[{"count":1,"href":"https:\/\/fwfe.de\/wordpress\/wp-json\/wp\/v2\/posts\/2078\/revisions"}],"predecessor-version":[{"id":2079,"href":"https:\/\/fwfe.de\/wordpress\/wp-json\/wp\/v2\/posts\/2078\/revisions\/2079"}],"wp:featuredmedia":[{"embeddable":true,"href":"https:\/\/fwfe.de\/wordpress\/wp-json\/wp\/v2\/media\/46"}],"wp:attachment":[{"href":"https:\/\/fwfe.de\/wordpress\/wp-json\/wp\/v2\/media?parent=2078"}],"wp:term":[{"taxonomy":"category","embeddable":true,"href":"https:\/\/fwfe.de\/wordpress\/wp-json\/wp\/v2\/categories?post=2078"},{"taxonomy":"post_tag","embeddable":true,"href":"https:\/\/fwfe.de\/wordpress\/wp-json\/wp\/v2\/tags?post=2078"}],"curies":[{"name":"wp","href":"https:\/\/api.w.org\/{rel}","templated":true}]}}