{"id":1683,"date":"2024-06-20T09:16:59","date_gmt":"2024-06-20T08:16:59","guid":{"rendered":"https:\/\/fwfe.de\/wordpress\/?p=1683"},"modified":"2024-06-20T09:22:04","modified_gmt":"2024-06-20T08:22:04","slug":"der-neue-gemeinderat","status":"publish","type":"post","link":"https:\/\/fwfe.de\/wordpress\/der-neue-gemeinderat\/","title":{"rendered":"Der neue Gemeinderat"},"content":{"rendered":"\n<p class=\"wp-block-paragraph\"><strong>\u00a0Liebe Ettlingerinnen, liebe Ettlinger,\u00a0<\/strong><\/p>\n\n\n\n<p class=\"wp-block-paragraph\">Zun\u00e4chst einmal m\u00f6chte ich mich ganz pers\u00f6nlich f\u00fcr das Vertrauen bedanken, das Sie mir durch meine 4. Wiederwahl entgegengebracht haben (niemals h\u00e4tte ich mit fast 10.000 Stimmen gerechnet). Dank Ihres Votums sind wir jetzt 6 Stadtr\u00e4tinnen und Stadtr\u00e4te, das bedeutet 1 Sitz mehr im Gemeinderat; au\u00dferdem haben wir nun 8 Sitze in den verschiedenen Ortschaftsr\u00e4ten. Die Neu-Gew\u00e4hlten werden sich in den kommenden Wochen an dieser Stelle vorstellen.<\/p>\n\n\n\n<p class=\"wp-block-paragraph\">Als Mitglieder der Freien W\u00e4hlervereinigungen werden wir uns auch in Zukunft <strong>nur den Belangen Ettlingens und seiner B\u00fcrger verpflichtet<\/strong> <strong>f\u00fchlen <\/strong>\u2013 <strong>ohne Anweisungen aus Stuttgart oder Berlin, ohne parteipolitische Dogmen und ohne Fraktionszwang.<\/strong><\/p>\n\n\n\n<p class=\"wp-block-paragraph\">Das gute Miteinander mit den anderen Fraktionen und Gruppierungen wird uns auch in Zukunft wichtig sein \u2013 und hoffentlich nicht von den \u201eR\u00e4ndern\u201c unterwandert werden.<\/p>\n\n\n\n<p class=\"wp-block-paragraph\">In der letzten Gemeinderatssitzung vor den Wahlen hatten wir eine zweite Gruppe des Naturkindergartens \u201eBlattwerk\u201c in der Wilhelmstra\u00dfe auf den Weg gebracht; ebenso ein neues \u201eTigeR-Haus\u201c f\u00fcr Kinder unter 3 Jahre in Bruchhausen. Wir brauchen diese Betreuungspl\u00e4tze f\u00fcr unsere Vorschulkinder dringend.<\/p>\n\n\n\n<p class=\"wp-block-paragraph\">Spannende Themen im zweiten Halbjahr werden die Ausweisung der Standorte f\u00fcr die Vorranggebiete <strong>Windkraft<\/strong> sein (unabh\u00e4ngig von der Frage, ob Windkraftanlagen in Ettlingen jemals kommen) und die Festsetzung des neuen <strong>Grundsteuerhebesatzes<\/strong> (auch wenn die Frage der Verfassungsm\u00e4\u00dfigkeit in Ba-W\u00fc noch nicht gekl\u00e4rt ist).<\/p>\n\n\n\n<p class=\"wp-block-paragraph\">Dr. Birgit Eyselen<\/p>\n","protected":false},"excerpt":{"rendered":"<p>\u00a0Liebe Ettlingerinnen, liebe Ettlinger,\u00a0 Zun\u00e4chst einmal m\u00f6chte ich mich ganz pers\u00f6nlich f\u00fcr das Vertrauen bedanken, das Sie mir durch meine 4. Wiederwahl entgegengebracht haben (niemals h\u00e4tte ich mit fast 10.000 Stimmen gerechnet). Dank Ihres Votums sind wir jetzt 6 Stadtr\u00e4tinnen und Stadtr\u00e4te, das bedeutet 1 Sitz mehr im Gemeinderat; au\u00dferdem haben wir nun 8 Sitze [&hellip;]<\/p>\n","protected":false},"author":1,"featured_media":1544,"comment_status":"closed","ping_status":"closed","sticky":false,"template":"","format":"standard","meta":{"footnotes":""},"categories":[24],"tags":[],"class_list":["post-1683","post","type-post","status-publish","format-standard","has-post-thumbnail","hentry","category-aktuelle-beitraege","has-thumbnail"],"_links":{"self":[{"href":"https:\/\/fwfe.de\/wordpress\/wp-json\/wp\/v2\/posts\/1683","targetHints":{"allow":["GET"]}}],"collection":[{"href":"https:\/\/fwfe.de\/wordpress\/wp-json\/wp\/v2\/posts"}],"about":[{"href":"https:\/\/fwfe.de\/wordpress\/wp-json\/wp\/v2\/types\/post"}],"author":[{"embeddable":true,"href":"https:\/\/fwfe.de\/wordpress\/wp-json\/wp\/v2\/users\/1"}],"replies":[{"embeddable":true,"href":"https:\/\/fwfe.de\/wordpress\/wp-json\/wp\/v2\/comments?post=1683"}],"version-history":[{"count":1,"href":"https:\/\/fwfe.de\/wordpress\/wp-json\/wp\/v2\/posts\/1683\/revisions"}],"predecessor-version":[{"id":1684,"href":"https:\/\/fwfe.de\/wordpress\/wp-json\/wp\/v2\/posts\/1683\/revisions\/1684"}],"wp:featuredmedia":[{"embeddable":true,"href":"https:\/\/fwfe.de\/wordpress\/wp-json\/wp\/v2\/media\/1544"}],"wp:attachment":[{"href":"https:\/\/fwfe.de\/wordpress\/wp-json\/wp\/v2\/media?parent=1683"}],"wp:term":[{"taxonomy":"category","embeddable":true,"href":"https:\/\/fwfe.de\/wordpress\/wp-json\/wp\/v2\/categories?post=1683"},{"taxonomy":"post_tag","embeddable":true,"href":"https:\/\/fwfe.de\/wordpress\/wp-json\/wp\/v2\/tags?post=1683"}],"curies":[{"name":"wp","href":"https:\/\/api.w.org\/{rel}","templated":true}]}}