{"id":1043,"date":"2021-06-16T18:40:36","date_gmt":"2021-06-16T17:40:36","guid":{"rendered":"https:\/\/fwfe.de\/wordpress\/?p=1043"},"modified":"2021-06-13T18:41:50","modified_gmt":"2021-06-13T17:41:50","slug":"sanierung-der-schiller-schule","status":"publish","type":"post","link":"https:\/\/fwfe.de\/wordpress\/sanierung-der-schiller-schule\/","title":{"rendered":"Sanierung der Schiller Schule"},"content":{"rendered":"<p>Der Geb\u00e4udezustand unserer Schiller Schule ist schlecht, gleichzeit ist der Raumbedarf gro\u00df: im Grundschulbereich ist sie stabil dreiz\u00fcgig, dazu kommen die 270 Sch\u00fclerinnen und Sch\u00fcler der einzig verbliebenen Werkrealschule im s\u00fcdlichen Landkreis! Nachdem die Kostensch\u00e4tzung f\u00fcr die bisherige Sanierungsplanung (3-geschossiger Anbau und Neubau der Sporthalle) im Sommer 2020 bei \u20ac 24 Mio lag, hat der OB zu recht die Bremse gezogen. Die Alternativplanung, die der Gemeinderat vergangene Woche beschlossen hat, sieht die Verlagerung eines Grundschulzweiges (4 Klassen) von der Schiller &#8211; an die Pestalozzi Schule in Ettlingen West vor. Mit Auslaufen der Werkrealschule (Pestalozzi Schule) im Sommer 2021 k\u00f6nnen dort 100 Grundschulkinder zus\u00e4tzlich aufgenommen werden. <strong><u>Vorteile der Alternativplanung<\/u><\/strong>:\u00a0 Finanzielle Entlastung von ca. \u20ac 10 Mio und optimierte Raumnutzung an der Schiller Schule, sowie bessere Auslastung der Pestalozzi Schule. <strong><u>Nachteil<\/u><\/strong>: <strong><u>Anpassung der Grundschulbezirke<\/u><\/strong>. Die Untersuchungen dazu m\u00fcssen noch zielgenauer werden, angepasst an Entwicklungen neuer Baugebiete (Festplatz, Feuerwehrgel\u00e4nde, Kaserne Nord), bei Ber\u00fccksichtigung der Schulwege (&#8222;kurze Beine &#8211; kurze Wege&#8220;) und Einbeziehung der Elternbeir\u00e4te. Da jede Ver\u00e4nderung Widerst\u00e4nde erzeugt, muss an der Stelle noch \u00dcberzeugungsarbeit geleistet werden.<\/p>\n<p>Dr. Birgit Eyselen, Stadtr\u00e4tin FW\/FE<\/p>\n","protected":false},"excerpt":{"rendered":"<p>Der Geb\u00e4udezustand unserer Schiller Schule ist schlecht, gleichzeit ist der Raumbedarf gro\u00df: im Grundschulbereich ist sie stabil dreiz\u00fcgig, dazu kommen die 270 Sch\u00fclerinnen und Sch\u00fcler der einzig verbliebenen Werkrealschule im s\u00fcdlichen Landkreis! Nachdem die Kostensch\u00e4tzung f\u00fcr die bisherige Sanierungsplanung (3-geschossiger Anbau und Neubau der Sporthalle) im Sommer 2020 bei \u20ac 24 Mio lag, hat der [&hellip;]<\/p>\n","protected":false},"author":1,"featured_media":36,"comment_status":"closed","ping_status":"closed","sticky":false,"template":"","format":"standard","meta":{"footnotes":""},"categories":[24],"tags":[],"class_list":["post-1043","post","type-post","status-publish","format-standard","has-post-thumbnail","hentry","category-aktuelle-beitraege","has-thumbnail"],"_links":{"self":[{"href":"https:\/\/fwfe.de\/wordpress\/wp-json\/wp\/v2\/posts\/1043","targetHints":{"allow":["GET"]}}],"collection":[{"href":"https:\/\/fwfe.de\/wordpress\/wp-json\/wp\/v2\/posts"}],"about":[{"href":"https:\/\/fwfe.de\/wordpress\/wp-json\/wp\/v2\/types\/post"}],"author":[{"embeddable":true,"href":"https:\/\/fwfe.de\/wordpress\/wp-json\/wp\/v2\/users\/1"}],"replies":[{"embeddable":true,"href":"https:\/\/fwfe.de\/wordpress\/wp-json\/wp\/v2\/comments?post=1043"}],"version-history":[{"count":1,"href":"https:\/\/fwfe.de\/wordpress\/wp-json\/wp\/v2\/posts\/1043\/revisions"}],"predecessor-version":[{"id":1044,"href":"https:\/\/fwfe.de\/wordpress\/wp-json\/wp\/v2\/posts\/1043\/revisions\/1044"}],"wp:featuredmedia":[{"embeddable":true,"href":"https:\/\/fwfe.de\/wordpress\/wp-json\/wp\/v2\/media\/36"}],"wp:attachment":[{"href":"https:\/\/fwfe.de\/wordpress\/wp-json\/wp\/v2\/media?parent=1043"}],"wp:term":[{"taxonomy":"category","embeddable":true,"href":"https:\/\/fwfe.de\/wordpress\/wp-json\/wp\/v2\/categories?post=1043"},{"taxonomy":"post_tag","embeddable":true,"href":"https:\/\/fwfe.de\/wordpress\/wp-json\/wp\/v2\/tags?post=1043"}],"curies":[{"name":"wp","href":"https:\/\/api.w.org\/{rel}","templated":true}]}}